{"id":1432,"date":"2025-05-05T10:56:16","date_gmt":"2025-05-05T08:56:16","guid":{"rendered":"https:\/\/www.dunovska.cz\/?p=1432"},"modified":"2025-12-15T12:03:10","modified_gmt":"2025-12-15T11:03:10","slug":"the-flexi-amendment-to-the-labour-code-has-been-published-in-the-collection-of-laws","status":"publish","type":"post","link":"https:\/\/www.dunovska.cz\/en\/the-flexi-amendment-to-the-labour-code-has-been-published-in-the-collection-of-laws\/","title":{"rendered":"The \u201cFlexi Amendment\u201d to the Labour Code has been published in the Collection of Laws"},"content":{"rendered":"<p>The so-called Flexi Amendment to the Labour Code and related laws will largely take effect on 1 June 2025. The amendment introduces new regulations affecting both employment relationships and unemployment benefits. Among other changes, it provides greater flexibility for employees returning from parental leave, extends the probationary period to up to four or even eight months, and modifies the rules governing the notice period. Changes to unemployment benefits, including an increase in their amount, will come into effect on 1 January 2026. A clear summary is available on the <a href=\"https:\/\/www.mpsv.cz\/jake-zmeny-prinasi-flexibilni-novela-zakoniku-prace-\">Ministry of Labour and Social Affair\u2019s website<\/a>.<\/p>\n<p>For more detailed information, please feel free to contact our colleagues <a href=\"https:\/\/www.dunovska.cz\/en\/our-team\/mgr-bc-ondrej-kvasnovsky\/\">Ondrej Kva\u0161\u0148ovsk\u00fd<\/a> and <a href=\"https:\/\/www.dunovska.cz\/en\/our-team\/mgr-konrad-hanak\/\">Konr\u00e1d Han\u00e1k<\/a>.<\/p>\n","protected":false},"excerpt":{"rendered":"<p>The so-called Flexi Amendment to the Labour Code and related laws will largely take effect on 1 June 2025. The amendment introduces new regulations affecting both employment relationships and unemployment benefits. Among other changes, it provides greater flexibility for employees returning from parental leave, extends the probationary period to up to four or even eight [&hellip;]<\/p>\n","protected":false},"author":4,"featured_media":0,"comment_status":"closed","ping_status":"closed","sticky":false,"template":"","format":"standard","meta":{"_acf_changed":false,"footnotes":""},"categories":[4],"tags":[],"class_list":["post-1432","post","type-post","status-publish","format-standard","hentry","category-uncategorized"],"acf":[],"yoast_head":"<!-- This site is optimized with the Yoast SEO plugin v27.3 - https:\/\/yoast.com\/product\/yoast-seo-wordpress\/ -->\n<title>The \u201cFlexi Amendment\u201d to the Labour Code has been published in the Collection of Laws - AK Dunovsk\u00e1<\/title>\n<meta name=\"robots\" content=\"index, follow, max-snippet:-1, max-image-preview:large, max-video-preview:-1\" \/>\n<link rel=\"canonical\" href=\"https:\/\/www.dunovska.cz\/en\/the-flexi-amendment-to-the-labour-code-has-been-published-in-the-collection-of-laws\/\" \/>\n<meta property=\"og:locale\" content=\"en_US\" \/>\n<meta property=\"og:type\" content=\"article\" \/>\n<meta property=\"og:title\" content=\"The \u201cFlexi Amendment\u201d to the Labour Code has been published in the Collection of Laws - AK Dunovsk\u00e1\" \/>\n<meta property=\"og:description\" content=\"The so-called Flexi Amendment to the Labour Code and related laws will largely take effect on 1 June 2025. The amendment introduces new regulations affecting both employment relationships and unemployment benefits. Among other changes, it provides greater flexibility for employees returning from parental leave, extends the probationary period to up to four or even eight [&hellip;]\" \/>\n<meta property=\"og:url\" content=\"https:\/\/www.dunovska.cz\/en\/the-flexi-amendment-to-the-labour-code-has-been-published-in-the-collection-of-laws\/\" \/>\n<meta property=\"og:site_name\" content=\"AK Dunovsk\u00e1\" \/>\n<meta property=\"article:published_time\" content=\"2025-05-05T08:56:16+00:00\" \/>\n<meta property=\"article:modified_time\" content=\"2025-12-15T11:03:10+00:00\" \/>\n<meta name=\"author\" content=\"Barbora Pokorn\u00e1\" \/>\n<meta name=\"twitter:card\" content=\"summary_large_image\" \/>\n<meta name=\"twitter:label1\" content=\"Written by\" \/>\n\t<meta name=\"twitter:data1\" content=\"Barbora Pokorn\u00e1\" \/>\n\t<meta name=\"twitter:label2\" content=\"Est. reading time\" \/>\n\t<meta name=\"twitter:data2\" content=\"1 minute\" \/>\n<script type=\"application\/ld+json\" class=\"yoast-schema-graph\">{\"@context\":\"https:\\\/\\\/schema.org\",\"@graph\":[{\"@type\":\"Article\",\"@id\":\"https:\\\/\\\/www.dunovska.cz\\\/en\\\/the-flexi-amendment-to-the-labour-code-has-been-published-in-the-collection-of-laws\\\/#article\",\"isPartOf\":{\"@id\":\"https:\\\/\\\/www.dunovska.cz\\\/en\\\/the-flexi-amendment-to-the-labour-code-has-been-published-in-the-collection-of-laws\\\/\"},\"author\":{\"name\":\"Barbora Pokorn\u00e1\",\"@id\":\"https:\\\/\\\/www.dunovska.cz\\\/#\\\/schema\\\/person\\\/760eb05cd458da9472ecdd5d807df883\"},\"headline\":\"The \u201cFlexi Amendment\u201d to the Labour Code has been published in the Collection of Laws\",\"datePublished\":\"2025-05-05T08:56:16+00:00\",\"dateModified\":\"2025-12-15T11:03:10+00:00\",\"mainEntityOfPage\":{\"@id\":\"https:\\\/\\\/www.dunovska.cz\\\/en\\\/the-flexi-amendment-to-the-labour-code-has-been-published-in-the-collection-of-laws\\\/\"},\"wordCount\":127,\"publisher\":{\"@id\":\"https:\\\/\\\/www.dunovska.cz\\\/#organization\"},\"inLanguage\":\"en-US\"},{\"@type\":\"WebPage\",\"@id\":\"https:\\\/\\\/www.dunovska.cz\\\/en\\\/the-flexi-amendment-to-the-labour-code-has-been-published-in-the-collection-of-laws\\\/\",\"url\":\"https:\\\/\\\/www.dunovska.cz\\\/en\\\/the-flexi-amendment-to-the-labour-code-has-been-published-in-the-collection-of-laws\\\/\",\"name\":\"The \u201cFlexi Amendment\u201d to the Labour Code has been published in the Collection of Laws - AK Dunovsk\u00e1\",\"isPartOf\":{\"@id\":\"https:\\\/\\\/www.dunovska.cz\\\/#website\"},\"datePublished\":\"2025-05-05T08:56:16+00:00\",\"dateModified\":\"2025-12-15T11:03:10+00:00\",\"breadcrumb\":{\"@id\":\"https:\\\/\\\/www.dunovska.cz\\\/en\\\/the-flexi-amendment-to-the-labour-code-has-been-published-in-the-collection-of-laws\\\/#breadcrumb\"},\"inLanguage\":\"en-US\",\"potentialAction\":[{\"@type\":\"ReadAction\",\"target\":[\"https:\\\/\\\/www.dunovska.cz\\\/en\\\/the-flexi-amendment-to-the-labour-code-has-been-published-in-the-collection-of-laws\\\/\"]}]},{\"@type\":\"BreadcrumbList\",\"@id\":\"https:\\\/\\\/www.dunovska.cz\\\/en\\\/the-flexi-amendment-to-the-labour-code-has-been-published-in-the-collection-of-laws\\\/#breadcrumb\",\"itemListElement\":[{\"@type\":\"ListItem\",\"position\":1,\"name\":\"Dom\u016f\",\"item\":\"https:\\\/\\\/www.dunovska.cz\\\/en\\\/\"},{\"@type\":\"ListItem\",\"position\":2,\"name\":\"The \u201cFlexi Amendment\u201d to the Labour Code has been published in the Collection of Laws\"}]},{\"@type\":\"WebSite\",\"@id\":\"https:\\\/\\\/www.dunovska.cz\\\/#website\",\"url\":\"https:\\\/\\\/www.dunovska.cz\\\/\",\"name\":\"Dunovska\",\"description\":\"\",\"publisher\":{\"@id\":\"https:\\\/\\\/www.dunovska.cz\\\/#organization\"},\"potentialAction\":[{\"@type\":\"SearchAction\",\"target\":{\"@type\":\"EntryPoint\",\"urlTemplate\":\"https:\\\/\\\/www.dunovska.cz\\\/?s={search_term_string}\"},\"query-input\":{\"@type\":\"PropertyValueSpecification\",\"valueRequired\":true,\"valueName\":\"search_term_string\"}}],\"inLanguage\":\"en-US\"},{\"@type\":\"Organization\",\"@id\":\"https:\\\/\\\/www.dunovska.cz\\\/#organization\",\"name\":\"Dunovska\",\"url\":\"https:\\\/\\\/www.dunovska.cz\\\/\",\"logo\":{\"@type\":\"ImageObject\",\"inLanguage\":\"en-US\",\"@id\":\"https:\\\/\\\/www.dunovska.cz\\\/#\\\/schema\\\/logo\\\/image\\\/\",\"url\":\"https:\\\/\\\/www.dunovska.cz\\\/wp-content\\\/uploads\\\/2025\\\/02\\\/logo_orange1-1.png\",\"contentUrl\":\"https:\\\/\\\/www.dunovska.cz\\\/wp-content\\\/uploads\\\/2025\\\/02\\\/logo_orange1-1.png\",\"width\":310,\"height\":90,\"caption\":\"Dunovska\"},\"image\":{\"@id\":\"https:\\\/\\\/www.dunovska.cz\\\/#\\\/schema\\\/logo\\\/image\\\/\"}},{\"@type\":\"Person\",\"@id\":\"https:\\\/\\\/www.dunovska.cz\\\/#\\\/schema\\\/person\\\/760eb05cd458da9472ecdd5d807df883\",\"name\":\"Barbora Pokorn\u00e1\",\"image\":{\"@type\":\"ImageObject\",\"inLanguage\":\"en-US\",\"@id\":\"https:\\\/\\\/secure.gravatar.com\\\/avatar\\\/770e7f56082ea0199ace92cf7315c2fea36157522838a13c50585ae46bc0e0df?s=96&d=mm&r=g\",\"url\":\"https:\\\/\\\/secure.gravatar.com\\\/avatar\\\/770e7f56082ea0199ace92cf7315c2fea36157522838a13c50585ae46bc0e0df?s=96&d=mm&r=g\",\"contentUrl\":\"https:\\\/\\\/secure.gravatar.com\\\/avatar\\\/770e7f56082ea0199ace92cf7315c2fea36157522838a13c50585ae46bc0e0df?s=96&d=mm&r=g\",\"caption\":\"Barbora Pokorn\u00e1\"},\"url\":\"https:\\\/\\\/www.dunovska.cz\\\/en\\\/author\\\/barbora-pokorna\\\/\"}]}<\/script>\n<!-- \/ Yoast SEO plugin. -->","yoast_head_json":{"title":"The \u201cFlexi Amendment\u201d to the Labour Code has been published in the Collection of Laws - AK Dunovsk\u00e1","robots":{"index":"index","follow":"follow","max-snippet":"max-snippet:-1","max-image-preview":"max-image-preview:large","max-video-preview":"max-video-preview:-1"},"canonical":"https:\/\/www.dunovska.cz\/en\/the-flexi-amendment-to-the-labour-code-has-been-published-in-the-collection-of-laws\/","og_locale":"en_US","og_type":"article","og_title":"The \u201cFlexi Amendment\u201d to the Labour Code has been published in the Collection of Laws - AK Dunovsk\u00e1","og_description":"The so-called Flexi Amendment to the Labour Code and related laws will largely take effect on 1 June 2025. The amendment introduces new regulations affecting both employment relationships and unemployment benefits. Among other changes, it provides greater flexibility for employees returning from parental leave, extends the probationary period to up to four or even eight [&hellip;]","og_url":"https:\/\/www.dunovska.cz\/en\/the-flexi-amendment-to-the-labour-code-has-been-published-in-the-collection-of-laws\/","og_site_name":"AK Dunovsk\u00e1","article_published_time":"2025-05-05T08:56:16+00:00","article_modified_time":"2025-12-15T11:03:10+00:00","author":"Barbora Pokorn\u00e1","twitter_card":"summary_large_image","twitter_misc":{"Written by":"Barbora Pokorn\u00e1","Est. reading time":"1 minute"},"schema":{"@context":"https:\/\/schema.org","@graph":[{"@type":"Article","@id":"https:\/\/www.dunovska.cz\/en\/the-flexi-amendment-to-the-labour-code-has-been-published-in-the-collection-of-laws\/#article","isPartOf":{"@id":"https:\/\/www.dunovska.cz\/en\/the-flexi-amendment-to-the-labour-code-has-been-published-in-the-collection-of-laws\/"},"author":{"name":"Barbora Pokorn\u00e1","@id":"https:\/\/www.dunovska.cz\/#\/schema\/person\/760eb05cd458da9472ecdd5d807df883"},"headline":"The \u201cFlexi Amendment\u201d to the Labour Code has been published in the Collection of Laws","datePublished":"2025-05-05T08:56:16+00:00","dateModified":"2025-12-15T11:03:10+00:00","mainEntityOfPage":{"@id":"https:\/\/www.dunovska.cz\/en\/the-flexi-amendment-to-the-labour-code-has-been-published-in-the-collection-of-laws\/"},"wordCount":127,"publisher":{"@id":"https:\/\/www.dunovska.cz\/#organization"},"inLanguage":"en-US"},{"@type":"WebPage","@id":"https:\/\/www.dunovska.cz\/en\/the-flexi-amendment-to-the-labour-code-has-been-published-in-the-collection-of-laws\/","url":"https:\/\/www.dunovska.cz\/en\/the-flexi-amendment-to-the-labour-code-has-been-published-in-the-collection-of-laws\/","name":"The \u201cFlexi Amendment\u201d to the Labour Code has been published in the Collection of Laws - AK Dunovsk\u00e1","isPartOf":{"@id":"https:\/\/www.dunovska.cz\/#website"},"datePublished":"2025-05-05T08:56:16+00:00","dateModified":"2025-12-15T11:03:10+00:00","breadcrumb":{"@id":"https:\/\/www.dunovska.cz\/en\/the-flexi-amendment-to-the-labour-code-has-been-published-in-the-collection-of-laws\/#breadcrumb"},"inLanguage":"en-US","potentialAction":[{"@type":"ReadAction","target":["https:\/\/www.dunovska.cz\/en\/the-flexi-amendment-to-the-labour-code-has-been-published-in-the-collection-of-laws\/"]}]},{"@type":"BreadcrumbList","@id":"https:\/\/www.dunovska.cz\/en\/the-flexi-amendment-to-the-labour-code-has-been-published-in-the-collection-of-laws\/#breadcrumb","itemListElement":[{"@type":"ListItem","position":1,"name":"Dom\u016f","item":"https:\/\/www.dunovska.cz\/en\/"},{"@type":"ListItem","position":2,"name":"The \u201cFlexi Amendment\u201d to the Labour Code has been published in the Collection of Laws"}]},{"@type":"WebSite","@id":"https:\/\/www.dunovska.cz\/#website","url":"https:\/\/www.dunovska.cz\/","name":"Dunovska","description":"","publisher":{"@id":"https:\/\/www.dunovska.cz\/#organization"},"potentialAction":[{"@type":"SearchAction","target":{"@type":"EntryPoint","urlTemplate":"https:\/\/www.dunovska.cz\/?s={search_term_string}"},"query-input":{"@type":"PropertyValueSpecification","valueRequired":true,"valueName":"search_term_string"}}],"inLanguage":"en-US"},{"@type":"Organization","@id":"https:\/\/www.dunovska.cz\/#organization","name":"Dunovska","url":"https:\/\/www.dunovska.cz\/","logo":{"@type":"ImageObject","inLanguage":"en-US","@id":"https:\/\/www.dunovska.cz\/#\/schema\/logo\/image\/","url":"https:\/\/www.dunovska.cz\/wp-content\/uploads\/2025\/02\/logo_orange1-1.png","contentUrl":"https:\/\/www.dunovska.cz\/wp-content\/uploads\/2025\/02\/logo_orange1-1.png","width":310,"height":90,"caption":"Dunovska"},"image":{"@id":"https:\/\/www.dunovska.cz\/#\/schema\/logo\/image\/"}},{"@type":"Person","@id":"https:\/\/www.dunovska.cz\/#\/schema\/person\/760eb05cd458da9472ecdd5d807df883","name":"Barbora Pokorn\u00e1","image":{"@type":"ImageObject","inLanguage":"en-US","@id":"https:\/\/secure.gravatar.com\/avatar\/770e7f56082ea0199ace92cf7315c2fea36157522838a13c50585ae46bc0e0df?s=96&d=mm&r=g","url":"https:\/\/secure.gravatar.com\/avatar\/770e7f56082ea0199ace92cf7315c2fea36157522838a13c50585ae46bc0e0df?s=96&d=mm&r=g","contentUrl":"https:\/\/secure.gravatar.com\/avatar\/770e7f56082ea0199ace92cf7315c2fea36157522838a13c50585ae46bc0e0df?s=96&d=mm&r=g","caption":"Barbora Pokorn\u00e1"},"url":"https:\/\/www.dunovska.cz\/en\/author\/barbora-pokorna\/"}]}},"_links":{"self":[{"href":"https:\/\/www.dunovska.cz\/en\/wp-json\/wp\/v2\/posts\/1432","targetHints":{"allow":["GET"]}}],"collection":[{"href":"https:\/\/www.dunovska.cz\/en\/wp-json\/wp\/v2\/posts"}],"about":[{"href":"https:\/\/www.dunovska.cz\/en\/wp-json\/wp\/v2\/types\/post"}],"author":[{"embeddable":true,"href":"https:\/\/www.dunovska.cz\/en\/wp-json\/wp\/v2\/users\/4"}],"replies":[{"embeddable":true,"href":"https:\/\/www.dunovska.cz\/en\/wp-json\/wp\/v2\/comments?post=1432"}],"version-history":[{"count":1,"href":"https:\/\/www.dunovska.cz\/en\/wp-json\/wp\/v2\/posts\/1432\/revisions"}],"predecessor-version":[{"id":1433,"href":"https:\/\/www.dunovska.cz\/en\/wp-json\/wp\/v2\/posts\/1432\/revisions\/1433"}],"wp:attachment":[{"href":"https:\/\/www.dunovska.cz\/en\/wp-json\/wp\/v2\/media?parent=1432"}],"wp:term":[{"taxonomy":"category","embeddable":true,"href":"https:\/\/www.dunovska.cz\/en\/wp-json\/wp\/v2\/categories?post=1432"},{"taxonomy":"post_tag","embeddable":true,"href":"https:\/\/www.dunovska.cz\/en\/wp-json\/wp\/v2\/tags?post=1432"}],"curies":[{"name":"wp","href":"https:\/\/api.w.org\/{rel}","templated":true}]}}